{"id":4139,"date":"2025-12-09T08:15:53","date_gmt":"2025-12-09T08:15:53","guid":{"rendered":"https:\/\/campusbiostg.wpenginepowered.com\/3r-prize-2024-fides-zenk-recognised-in-2025-for-her-research-on-brain-organoids\/"},"modified":"2025-12-09T08:16:51","modified_gmt":"2025-12-09T08:16:51","slug":"prix-3r-2024-fides-zenk-recompensee-en-2025-pour-ses-recherches-sur-les-organoides-cerebraux","status":"publish","type":"post","link":"https:\/\/campusbiotech.ch\/fr\/prix-3r-2024-fides-zenk-recompensee-en-2025-pour-ses-recherches-sur-les-organoides-cerebraux\/","title":{"rendered":"\u00ab\u202fPrix 3R 2024\u202f\u00bb : Fides Zenk r\u00e9compens\u00e9e en 2025 pour ses recherches sur les organo\u00efdes c\u00e9r\u00e9braux"},"content":{"rendered":"<h6><b><span data-contrast=\"auto\">Le Centre suisse de comp\u00e9tences 3R (3RCC) a d\u00e9cern\u00e9 son Prix \u00e0 la professeure Fides Zenk, tenure track assistant professor \u00e0 l\u2019EPFL. Cette distinction salue ses travaux pionniers sur la r\u00e9gulation \u00e9pig\u00e9n\u00e9tique au cours du d\u00e9veloppement pr\u00e9coce du cerveau, men\u00e9s \u00e0 partir d\u2019organo\u00efdes c\u00e9r\u00e9braux humains. Une recherche qui illustre \u00e0 la fois l\u2019excellence acad\u00e9mique suisse et le potentiel d\u2019une science plus \u00e9thique, en ligne avec le principe des 3R : Remplacement, R\u00e9duction et Raffinement de l\u2019utilisation des animaux en laboratoire.<\/span><\/b><span data-ccp-props=\"{&quot;335551550&quot;:6,&quot;335551620&quot;:6}\">\u00a0<\/span><\/h6>\n<h4><b><span data-contrast=\"auto\">Des organo\u00efdes pour mieux comprendre le cerveau humain<\/span><\/b><span data-ccp-props=\"{}\">\u00a0<\/span><\/h4>\n<p><span data-contrast=\"auto\">Les organo\u00efdes sont des structures cellulaires tridimensionnelles cultiv\u00e9es in vitro, capables de reproduire certains processus cl\u00e9s du d\u00e9veloppement d\u2019un organe. Dans son projet, Fides Zenk utilise des organo\u00efdes c\u00e9r\u00e9braux humains pour cartographier les changements <\/span><b><span data-contrast=\"auto\">\u00e9pig\u00e9n\u00e9tiques<\/span><\/b><span data-contrast=\"auto\"> \u2013 ces m\u00e9canismes qui r\u00e9gulent l\u2019expression des g\u00e8nes \u2013 \u00e0 une \u00e9chelle de r\u00e9solution \u00ab cellule par cellule \u00bb. Cette approche ouvre une fen\u00eatre unique sur les premi\u00e8res \u00e9tapes de la formation du cerveau et offre une alternative aux mod\u00e8les animaux, souvent limit\u00e9s dans leur capacit\u00e9 \u00e0 refl\u00e9ter la complexit\u00e9 du d\u00e9veloppement humain.<\/span><span data-ccp-props=\"{}\">\u00a0<\/span><\/p>\n<p><span data-contrast=\"auto\">Cela constitue un mod\u00e8le pertinent pour explorer le d\u00e9veloppement pr\u00e9coce du cerveau humain et peut contribuer \u00e0 mieux comprendre certaines <\/span><b><span data-contrast=\"auto\">maladies neurod\u00e9veloppementales<\/span><\/b><span data-contrast=\"auto\">, comme l\u2019autisme ou les troubles de la cognition.<\/span><span data-ccp-props=\"{}\">\u00a0<\/span><span data-ccp-props=\"{}\">\u00a0<\/span><\/p>\n<h4><b><span data-contrast=\"auto\">Un prix d\u00e9di\u00e9 \u00e0 la recherche sans animaux<\/span><\/b><span data-ccp-props=\"{}\">\u00a0<\/span><\/h4>\n<p><span data-contrast=\"auto\">Le <\/span><b><span data-contrast=\"auto\">Prix 3R<\/span><\/b><span data-contrast=\"auto\"> distingue chaque ann\u00e9e des chercheurs dont les projets s\u2019inscrivent dans la logique d\u2019une science plus respectueuse du vivant. En r\u00e9compensant Fides Zenk, le 3RCC met en lumi\u00e8re une approche qui conjugue innovation technologique et responsabilit\u00e9 \u00e9thique. Car si les organo\u00efdes ne remplacent pas toutes les exp\u00e9rimentations animales, ils permettent d\u00e9j\u00e0 de r\u00e9duire significativement leur recours dans certains champs de recherche.<\/span><span data-ccp-props=\"{}\">\u00a0<\/span><\/p>\n<p><span data-contrast=\"auto\">Ce prix conforte \u00e9galement la position de la <\/span><b><span data-contrast=\"auto\">Suisse parmi les pays les plus engag\u00e9s dans la mise en \u0153uvre des principes 3R<\/span><\/b><span data-contrast=\"auto\">, en mobilisant universit\u00e9s, centres de comp\u00e9tences et financements nationaux.<\/span><span data-ccp-props=\"{}\">\u00a0<\/span><\/p>\n<h4><b><span data-contrast=\"auto\">Des perspectives pour l\u2019\u00e9cosyst\u00e8me suisse de la recherche<\/span><\/b><span data-ccp-props=\"{}\">\u00a0<\/span><\/h4>\n<p><span data-contrast=\"auto\">Les travaux de Fides Zenk s\u2019inscrivent dans une dynamique qui d\u00e9passe les murs de l\u2019EPFL. La r\u00e9gion l\u00e9manique, v\u00e9ritable <\/span><b><span data-contrast=\"auto\">Health Valley<\/span><\/b><span data-contrast=\"auto\">, rassemble une densit\u00e9 exceptionnelle d\u2019acteurs en neurosciences, en biotechnologie et en innovation m\u00e9dicale.\u00a0<\/span><span data-ccp-props=\"{}\">\u00a0<\/span><\/p>\n<p><span data-contrast=\"auto\">Situ\u00e9 \u00e0 Gen\u00e8ve, le <\/span><b><span data-contrast=\"auto\">Campus Biotech<\/span><\/b><span data-contrast=\"auto\"> illustre cette effervescence en accueillant des laboratoires de pointe et des start-ups qui explorent de nouvelles voies en sant\u00e9 num\u00e9rique, en bio-ing\u00e9nierie et en neurosciences.<\/span><span data-ccp-props=\"{}\">\u00a0<\/span><span data-ccp-props=\"{}\">\u00a0<\/span><\/p>\n<p><span data-contrast=\"auto\">En distinguant Fides Zenk, le Prix 3R souligne la valeur d\u2019approches qui pourraient demain irriguer l\u2019ensemble de cet \u00e9cosyst\u00e8me, du d\u00e9veloppement de nouveaux mod\u00e8les in vitro jusqu\u2019\u00e0 la recherche translationnelle men\u00e9e \u00e0 Gen\u00e8ve. C\u2019est l\u2019image d\u2019une <\/span><b><span data-contrast=\"auto\">science<\/span><\/b> <b><span data-contrast=\"auto\">collaborative<\/span><\/b><span data-contrast=\"auto\">, <\/span><b><span data-contrast=\"auto\">innovante<\/span><\/b><span data-contrast=\"auto\"> et <\/span><b><span data-contrast=\"auto\">\u00e9thique<\/span><\/b><span data-contrast=\"auto\"> qui se dessine, au service de la compr\u00e9hension du cerveau humain et de la m\u00e9decine de demain.<\/span><span data-ccp-props=\"{}\">\u00a0<\/span><\/p>\n<p><span data-contrast=\"auto\">En savoir plus\u202f: <\/span><a href=\"https:\/\/actu.epfl.ch\/news\/fides-zenk-s-pioneering-work-from-animal-models--3\/\"><span data-contrast=\"none\">https:\/\/actu.epfl.ch\/news\/fides-zenk-s-pioneering-work-from-animal-models&#8211;3\/<\/span><\/a><span data-contrast=\"auto\">\u00a0<\/span><span data-ccp-props=\"{}\">\u00a0<\/span><\/p>\n","protected":false},"excerpt":{"rendered":"<p>Le Centre suisse de comp\u00e9tences 3R (3RCC) a d\u00e9cern\u00e9 son Prix \u00e0 la professeure Fides Zenk, tenure track assistant professor \u00e0 l\u2019EPFL. Cette distinction salue ses travaux pionniers sur la r\u00e9gulation \u00e9pig\u00e9n\u00e9tique au cours du d\u00e9veloppement pr\u00e9coce du cerveau, men\u00e9s \u00e0 partir d\u2019organo\u00efdes c\u00e9r\u00e9braux humains. Une recherche qui illustre \u00e0 la fois l\u2019excellence acad\u00e9mique suisse [&hellip;]<\/p>\n","protected":false},"author":2,"featured_media":4138,"comment_status":"open","ping_status":"open","sticky":false,"template":"","format":"standard","meta":{"_acf_changed":false,"inline_featured_image":false,"footnotes":""},"categories":[91],"tags":[],"class_list":["post-4139","post","type-post","status-publish","format-standard","has-post-thumbnail","hentry","category-success-story-fr"],"acf":[],"yoast_head":"<!-- This site is optimized with the Yoast SEO plugin v27.3 - https:\/\/yoast.com\/product\/yoast-seo-wordpress\/ -->\n<title>\u00ab\u202fPrix 3R 2024\u202f\u00bb : Fides Zenk r\u00e9compens\u00e9e en 2025 pour ses recherches sur les organo\u00efdes c\u00e9r\u00e9braux - Campus Biotech<\/title>\n<meta name=\"robots\" content=\"index, follow, max-snippet:-1, max-image-preview:large, max-video-preview:-1\" \/>\n<link rel=\"canonical\" href=\"https:\/\/campusbiotech.ch\/fr\/prix-3r-2024-fides-zenk-recompensee-en-2025-pour-ses-recherches-sur-les-organoides-cerebraux\/\" \/>\n<meta property=\"og:locale\" content=\"fr_FR\" \/>\n<meta property=\"og:type\" content=\"article\" \/>\n<meta property=\"og:title\" content=\"\u00ab\u202fPrix 3R 2024\u202f\u00bb : Fides Zenk r\u00e9compens\u00e9e en 2025 pour ses recherches sur les organo\u00efdes c\u00e9r\u00e9braux - Campus Biotech\" \/>\n<meta property=\"og:description\" content=\"Le Centre suisse de comp\u00e9tences 3R (3RCC) a d\u00e9cern\u00e9 son Prix \u00e0 la professeure Fides Zenk, tenure track assistant professor \u00e0 l\u2019EPFL. Cette distinction salue ses travaux pionniers sur la r\u00e9gulation \u00e9pig\u00e9n\u00e9tique au cours du d\u00e9veloppement pr\u00e9coce du cerveau, men\u00e9s \u00e0 partir d\u2019organo\u00efdes c\u00e9r\u00e9braux humains. Une recherche qui illustre \u00e0 la fois l\u2019excellence acad\u00e9mique suisse [&hellip;]\" \/>\n<meta property=\"og:url\" content=\"https:\/\/campusbiotech.ch\/fr\/prix-3r-2024-fides-zenk-recompensee-en-2025-pour-ses-recherches-sur-les-organoides-cerebraux\/\" \/>\n<meta property=\"og:site_name\" content=\"Campus Biotech\" \/>\n<meta property=\"article:published_time\" content=\"2025-12-09T08:15:53+00:00\" \/>\n<meta property=\"article:modified_time\" content=\"2025-12-09T08:16:51+00:00\" \/>\n<meta property=\"og:image\" content=\"https:\/\/campusbiotech.ch\/wp-content\/uploads\/2025\/12\/1108x622.jpg\" \/>\n\t<meta property=\"og:image:width\" content=\"1106\" \/>\n\t<meta property=\"og:image:height\" content=\"622\" \/>\n\t<meta property=\"og:image:type\" content=\"image\/jpeg\" \/>\n<meta name=\"author\" content=\"saentys_admin\" \/>\n<meta name=\"twitter:card\" content=\"summary_large_image\" \/>\n<meta name=\"twitter:label1\" content=\"Written by\" \/>\n\t<meta name=\"twitter:data1\" content=\"saentys_admin\" \/>\n\t<meta name=\"twitter:label2\" content=\"Est. reading time\" \/>\n\t<meta name=\"twitter:data2\" content=\"3 minutes\" \/>\n<script type=\"application\/ld+json\" class=\"yoast-schema-graph\">{\"@context\":\"https:\\\/\\\/schema.org\",\"@graph\":[{\"@type\":\"Article\",\"@id\":\"https:\\\/\\\/campusbiotech.ch\\\/fr\\\/prix-3r-2024-fides-zenk-recompensee-en-2025-pour-ses-recherches-sur-les-organoides-cerebraux\\\/#article\",\"isPartOf\":{\"@id\":\"https:\\\/\\\/campusbiotech.ch\\\/fr\\\/prix-3r-2024-fides-zenk-recompensee-en-2025-pour-ses-recherches-sur-les-organoides-cerebraux\\\/\"},\"author\":{\"name\":\"saentys_admin\",\"@id\":\"https:\\\/\\\/campusbiotech.ch\\\/#\\\/schema\\\/person\\\/069eed6ec56f1088d1bde25801e581ec\"},\"headline\":\"\u00ab\u202fPrix 3R 2024\u202f\u00bb : Fides Zenk r\u00e9compens\u00e9e en 2025 pour ses recherches sur les organo\u00efdes c\u00e9r\u00e9braux\",\"datePublished\":\"2025-12-09T08:15:53+00:00\",\"dateModified\":\"2025-12-09T08:16:51+00:00\",\"mainEntityOfPage\":{\"@id\":\"https:\\\/\\\/campusbiotech.ch\\\/fr\\\/prix-3r-2024-fides-zenk-recompensee-en-2025-pour-ses-recherches-sur-les-organoides-cerebraux\\\/\"},\"wordCount\":535,\"commentCount\":0,\"image\":{\"@id\":\"https:\\\/\\\/campusbiotech.ch\\\/fr\\\/prix-3r-2024-fides-zenk-recompensee-en-2025-pour-ses-recherches-sur-les-organoides-cerebraux\\\/#primaryimage\"},\"thumbnailUrl\":\"https:\\\/\\\/campusbiotech.ch\\\/wp-content\\\/uploads\\\/2025\\\/12\\\/1108x622.jpg\",\"articleSection\":[\"Success story\"],\"inLanguage\":\"fr-FR\",\"potentialAction\":[{\"@type\":\"CommentAction\",\"name\":\"Comment\",\"target\":[\"https:\\\/\\\/campusbiotech.ch\\\/fr\\\/prix-3r-2024-fides-zenk-recompensee-en-2025-pour-ses-recherches-sur-les-organoides-cerebraux\\\/#respond\"]}]},{\"@type\":\"WebPage\",\"@id\":\"https:\\\/\\\/campusbiotech.ch\\\/fr\\\/prix-3r-2024-fides-zenk-recompensee-en-2025-pour-ses-recherches-sur-les-organoides-cerebraux\\\/\",\"url\":\"https:\\\/\\\/campusbiotech.ch\\\/fr\\\/prix-3r-2024-fides-zenk-recompensee-en-2025-pour-ses-recherches-sur-les-organoides-cerebraux\\\/\",\"name\":\"\u00ab\u202fPrix 3R 2024\u202f\u00bb : Fides Zenk r\u00e9compens\u00e9e en 2025 pour ses recherches sur les organo\u00efdes c\u00e9r\u00e9braux - Campus Biotech\",\"isPartOf\":{\"@id\":\"https:\\\/\\\/campusbiotech.ch\\\/#website\"},\"primaryImageOfPage\":{\"@id\":\"https:\\\/\\\/campusbiotech.ch\\\/fr\\\/prix-3r-2024-fides-zenk-recompensee-en-2025-pour-ses-recherches-sur-les-organoides-cerebraux\\\/#primaryimage\"},\"image\":{\"@id\":\"https:\\\/\\\/campusbiotech.ch\\\/fr\\\/prix-3r-2024-fides-zenk-recompensee-en-2025-pour-ses-recherches-sur-les-organoides-cerebraux\\\/#primaryimage\"},\"thumbnailUrl\":\"https:\\\/\\\/campusbiotech.ch\\\/wp-content\\\/uploads\\\/2025\\\/12\\\/1108x622.jpg\",\"datePublished\":\"2025-12-09T08:15:53+00:00\",\"dateModified\":\"2025-12-09T08:16:51+00:00\",\"author\":{\"@id\":\"https:\\\/\\\/campusbiotech.ch\\\/#\\\/schema\\\/person\\\/069eed6ec56f1088d1bde25801e581ec\"},\"breadcrumb\":{\"@id\":\"https:\\\/\\\/campusbiotech.ch\\\/fr\\\/prix-3r-2024-fides-zenk-recompensee-en-2025-pour-ses-recherches-sur-les-organoides-cerebraux\\\/#breadcrumb\"},\"inLanguage\":\"fr-FR\",\"potentialAction\":[{\"@type\":\"ReadAction\",\"target\":[\"https:\\\/\\\/campusbiotech.ch\\\/fr\\\/prix-3r-2024-fides-zenk-recompensee-en-2025-pour-ses-recherches-sur-les-organoides-cerebraux\\\/\"]}]},{\"@type\":\"ImageObject\",\"inLanguage\":\"fr-FR\",\"@id\":\"https:\\\/\\\/campusbiotech.ch\\\/fr\\\/prix-3r-2024-fides-zenk-recompensee-en-2025-pour-ses-recherches-sur-les-organoides-cerebraux\\\/#primaryimage\",\"url\":\"https:\\\/\\\/campusbiotech.ch\\\/wp-content\\\/uploads\\\/2025\\\/12\\\/1108x622.jpg\",\"contentUrl\":\"https:\\\/\\\/campusbiotech.ch\\\/wp-content\\\/uploads\\\/2025\\\/12\\\/1108x622.jpg\",\"width\":1106,\"height\":622},{\"@type\":\"BreadcrumbList\",\"@id\":\"https:\\\/\\\/campusbiotech.ch\\\/fr\\\/prix-3r-2024-fides-zenk-recompensee-en-2025-pour-ses-recherches-sur-les-organoides-cerebraux\\\/#breadcrumb\",\"itemListElement\":[{\"@type\":\"ListItem\",\"position\":1,\"name\":\"Home\",\"item\":\"https:\\\/\\\/campusbiotech.ch\\\/fr\\\/\"},{\"@type\":\"ListItem\",\"position\":2,\"name\":\"\u00ab\u202fPrix 3R 2024\u202f\u00bb : Fides Zenk r\u00e9compens\u00e9e en 2025 pour ses recherches sur les organo\u00efdes c\u00e9r\u00e9braux\"}]},{\"@type\":\"WebSite\",\"@id\":\"https:\\\/\\\/campusbiotech.ch\\\/#website\",\"url\":\"https:\\\/\\\/campusbiotech.ch\\\/\",\"name\":\"Campus Biotech\",\"description\":\"Where Science meets Life\",\"potentialAction\":[{\"@type\":\"SearchAction\",\"target\":{\"@type\":\"EntryPoint\",\"urlTemplate\":\"https:\\\/\\\/campusbiotech.ch\\\/?s={search_term_string}\"},\"query-input\":{\"@type\":\"PropertyValueSpecification\",\"valueRequired\":true,\"valueName\":\"search_term_string\"}}],\"inLanguage\":\"fr-FR\"},{\"@type\":\"Person\",\"@id\":\"https:\\\/\\\/campusbiotech.ch\\\/#\\\/schema\\\/person\\\/069eed6ec56f1088d1bde25801e581ec\",\"name\":\"saentys_admin\",\"image\":{\"@type\":\"ImageObject\",\"inLanguage\":\"fr-FR\",\"@id\":\"https:\\\/\\\/secure.gravatar.com\\\/avatar\\\/2a27191fe69eceb42804e46ae3caf9a0e5cd55fb043660a6056eff99fe0ccd4e?s=96&d=mm&r=g\",\"url\":\"https:\\\/\\\/secure.gravatar.com\\\/avatar\\\/2a27191fe69eceb42804e46ae3caf9a0e5cd55fb043660a6056eff99fe0ccd4e?s=96&d=mm&r=g\",\"contentUrl\":\"https:\\\/\\\/secure.gravatar.com\\\/avatar\\\/2a27191fe69eceb42804e46ae3caf9a0e5cd55fb043660a6056eff99fe0ccd4e?s=96&d=mm&r=g\",\"caption\":\"saentys_admin\"}}]}<\/script>\n<!-- \/ Yoast SEO plugin. -->","yoast_head_json":{"title":"\u00ab\u202fPrix 3R 2024\u202f\u00bb : Fides Zenk r\u00e9compens\u00e9e en 2025 pour ses recherches sur les organo\u00efdes c\u00e9r\u00e9braux - Campus Biotech","robots":{"index":"index","follow":"follow","max-snippet":"max-snippet:-1","max-image-preview":"max-image-preview:large","max-video-preview":"max-video-preview:-1"},"canonical":"https:\/\/campusbiotech.ch\/fr\/prix-3r-2024-fides-zenk-recompensee-en-2025-pour-ses-recherches-sur-les-organoides-cerebraux\/","og_locale":"fr_FR","og_type":"article","og_title":"\u00ab\u202fPrix 3R 2024\u202f\u00bb : Fides Zenk r\u00e9compens\u00e9e en 2025 pour ses recherches sur les organo\u00efdes c\u00e9r\u00e9braux - Campus Biotech","og_description":"Le Centre suisse de comp\u00e9tences 3R (3RCC) a d\u00e9cern\u00e9 son Prix \u00e0 la professeure Fides Zenk, tenure track assistant professor \u00e0 l\u2019EPFL. Cette distinction salue ses travaux pionniers sur la r\u00e9gulation \u00e9pig\u00e9n\u00e9tique au cours du d\u00e9veloppement pr\u00e9coce du cerveau, men\u00e9s \u00e0 partir d\u2019organo\u00efdes c\u00e9r\u00e9braux humains. Une recherche qui illustre \u00e0 la fois l\u2019excellence acad\u00e9mique suisse [&hellip;]","og_url":"https:\/\/campusbiotech.ch\/fr\/prix-3r-2024-fides-zenk-recompensee-en-2025-pour-ses-recherches-sur-les-organoides-cerebraux\/","og_site_name":"Campus Biotech","article_published_time":"2025-12-09T08:15:53+00:00","article_modified_time":"2025-12-09T08:16:51+00:00","og_image":[{"width":1106,"height":622,"url":"https:\/\/campusbiotech.ch\/wp-content\/uploads\/2025\/12\/1108x622.jpg","type":"image\/jpeg"}],"author":"saentys_admin","twitter_card":"summary_large_image","twitter_misc":{"Written by":"saentys_admin","Est. reading time":"3 minutes"},"schema":{"@context":"https:\/\/schema.org","@graph":[{"@type":"Article","@id":"https:\/\/campusbiotech.ch\/fr\/prix-3r-2024-fides-zenk-recompensee-en-2025-pour-ses-recherches-sur-les-organoides-cerebraux\/#article","isPartOf":{"@id":"https:\/\/campusbiotech.ch\/fr\/prix-3r-2024-fides-zenk-recompensee-en-2025-pour-ses-recherches-sur-les-organoides-cerebraux\/"},"author":{"name":"saentys_admin","@id":"https:\/\/campusbiotech.ch\/#\/schema\/person\/069eed6ec56f1088d1bde25801e581ec"},"headline":"\u00ab\u202fPrix 3R 2024\u202f\u00bb : Fides Zenk r\u00e9compens\u00e9e en 2025 pour ses recherches sur les organo\u00efdes c\u00e9r\u00e9braux","datePublished":"2025-12-09T08:15:53+00:00","dateModified":"2025-12-09T08:16:51+00:00","mainEntityOfPage":{"@id":"https:\/\/campusbiotech.ch\/fr\/prix-3r-2024-fides-zenk-recompensee-en-2025-pour-ses-recherches-sur-les-organoides-cerebraux\/"},"wordCount":535,"commentCount":0,"image":{"@id":"https:\/\/campusbiotech.ch\/fr\/prix-3r-2024-fides-zenk-recompensee-en-2025-pour-ses-recherches-sur-les-organoides-cerebraux\/#primaryimage"},"thumbnailUrl":"https:\/\/campusbiotech.ch\/wp-content\/uploads\/2025\/12\/1108x622.jpg","articleSection":["Success story"],"inLanguage":"fr-FR","potentialAction":[{"@type":"CommentAction","name":"Comment","target":["https:\/\/campusbiotech.ch\/fr\/prix-3r-2024-fides-zenk-recompensee-en-2025-pour-ses-recherches-sur-les-organoides-cerebraux\/#respond"]}]},{"@type":"WebPage","@id":"https:\/\/campusbiotech.ch\/fr\/prix-3r-2024-fides-zenk-recompensee-en-2025-pour-ses-recherches-sur-les-organoides-cerebraux\/","url":"https:\/\/campusbiotech.ch\/fr\/prix-3r-2024-fides-zenk-recompensee-en-2025-pour-ses-recherches-sur-les-organoides-cerebraux\/","name":"\u00ab\u202fPrix 3R 2024\u202f\u00bb : Fides Zenk r\u00e9compens\u00e9e en 2025 pour ses recherches sur les organo\u00efdes c\u00e9r\u00e9braux - Campus Biotech","isPartOf":{"@id":"https:\/\/campusbiotech.ch\/#website"},"primaryImageOfPage":{"@id":"https:\/\/campusbiotech.ch\/fr\/prix-3r-2024-fides-zenk-recompensee-en-2025-pour-ses-recherches-sur-les-organoides-cerebraux\/#primaryimage"},"image":{"@id":"https:\/\/campusbiotech.ch\/fr\/prix-3r-2024-fides-zenk-recompensee-en-2025-pour-ses-recherches-sur-les-organoides-cerebraux\/#primaryimage"},"thumbnailUrl":"https:\/\/campusbiotech.ch\/wp-content\/uploads\/2025\/12\/1108x622.jpg","datePublished":"2025-12-09T08:15:53+00:00","dateModified":"2025-12-09T08:16:51+00:00","author":{"@id":"https:\/\/campusbiotech.ch\/#\/schema\/person\/069eed6ec56f1088d1bde25801e581ec"},"breadcrumb":{"@id":"https:\/\/campusbiotech.ch\/fr\/prix-3r-2024-fides-zenk-recompensee-en-2025-pour-ses-recherches-sur-les-organoides-cerebraux\/#breadcrumb"},"inLanguage":"fr-FR","potentialAction":[{"@type":"ReadAction","target":["https:\/\/campusbiotech.ch\/fr\/prix-3r-2024-fides-zenk-recompensee-en-2025-pour-ses-recherches-sur-les-organoides-cerebraux\/"]}]},{"@type":"ImageObject","inLanguage":"fr-FR","@id":"https:\/\/campusbiotech.ch\/fr\/prix-3r-2024-fides-zenk-recompensee-en-2025-pour-ses-recherches-sur-les-organoides-cerebraux\/#primaryimage","url":"https:\/\/campusbiotech.ch\/wp-content\/uploads\/2025\/12\/1108x622.jpg","contentUrl":"https:\/\/campusbiotech.ch\/wp-content\/uploads\/2025\/12\/1108x622.jpg","width":1106,"height":622},{"@type":"BreadcrumbList","@id":"https:\/\/campusbiotech.ch\/fr\/prix-3r-2024-fides-zenk-recompensee-en-2025-pour-ses-recherches-sur-les-organoides-cerebraux\/#breadcrumb","itemListElement":[{"@type":"ListItem","position":1,"name":"Home","item":"https:\/\/campusbiotech.ch\/fr\/"},{"@type":"ListItem","position":2,"name":"\u00ab\u202fPrix 3R 2024\u202f\u00bb : Fides Zenk r\u00e9compens\u00e9e en 2025 pour ses recherches sur les organo\u00efdes c\u00e9r\u00e9braux"}]},{"@type":"WebSite","@id":"https:\/\/campusbiotech.ch\/#website","url":"https:\/\/campusbiotech.ch\/","name":"Campus Biotech","description":"Where Science meets Life","potentialAction":[{"@type":"SearchAction","target":{"@type":"EntryPoint","urlTemplate":"https:\/\/campusbiotech.ch\/?s={search_term_string}"},"query-input":{"@type":"PropertyValueSpecification","valueRequired":true,"valueName":"search_term_string"}}],"inLanguage":"fr-FR"},{"@type":"Person","@id":"https:\/\/campusbiotech.ch\/#\/schema\/person\/069eed6ec56f1088d1bde25801e581ec","name":"saentys_admin","image":{"@type":"ImageObject","inLanguage":"fr-FR","@id":"https:\/\/secure.gravatar.com\/avatar\/2a27191fe69eceb42804e46ae3caf9a0e5cd55fb043660a6056eff99fe0ccd4e?s=96&d=mm&r=g","url":"https:\/\/secure.gravatar.com\/avatar\/2a27191fe69eceb42804e46ae3caf9a0e5cd55fb043660a6056eff99fe0ccd4e?s=96&d=mm&r=g","contentUrl":"https:\/\/secure.gravatar.com\/avatar\/2a27191fe69eceb42804e46ae3caf9a0e5cd55fb043660a6056eff99fe0ccd4e?s=96&d=mm&r=g","caption":"saentys_admin"}}]}},"_links":{"self":[{"href":"https:\/\/campusbiotech.ch\/fr\/wp-json\/wp\/v2\/posts\/4139","targetHints":{"allow":["GET"]}}],"collection":[{"href":"https:\/\/campusbiotech.ch\/fr\/wp-json\/wp\/v2\/posts"}],"about":[{"href":"https:\/\/campusbiotech.ch\/fr\/wp-json\/wp\/v2\/types\/post"}],"author":[{"embeddable":true,"href":"https:\/\/campusbiotech.ch\/fr\/wp-json\/wp\/v2\/users\/2"}],"replies":[{"embeddable":true,"href":"https:\/\/campusbiotech.ch\/fr\/wp-json\/wp\/v2\/comments?post=4139"}],"version-history":[{"count":0,"href":"https:\/\/campusbiotech.ch\/fr\/wp-json\/wp\/v2\/posts\/4139\/revisions"}],"wp:featuredmedia":[{"embeddable":true,"href":"https:\/\/campusbiotech.ch\/fr\/wp-json\/wp\/v2\/media\/4138"}],"wp:attachment":[{"href":"https:\/\/campusbiotech.ch\/fr\/wp-json\/wp\/v2\/media?parent=4139"}],"wp:term":[{"taxonomy":"category","embeddable":true,"href":"https:\/\/campusbiotech.ch\/fr\/wp-json\/wp\/v2\/categories?post=4139"},{"taxonomy":"post_tag","embeddable":true,"href":"https:\/\/campusbiotech.ch\/fr\/wp-json\/wp\/v2\/tags?post=4139"}],"curies":[{"name":"wp","href":"https:\/\/api.w.org\/{rel}","templated":true}]}}