{"id":5095,"date":"2026-09-02T12:34:25","date_gmt":"2026-09-02T12:34:25","guid":{"rendered":"https:\/\/campusbiotech.ch\/tracy-laabs-new-director-of-the-wyss-center\/"},"modified":"2026-09-02T13:07:27","modified_gmt":"2026-09-02T13:07:27","slug":"tracy-laabs-nouvelle-directrice-du-wyss-center","status":"publish","type":"post","link":"https:\/\/campusbiotech.ch\/fr\/tracy-laabs-nouvelle-directrice-du-wyss-center\/","title":{"rendered":"Tracy Laabs, nouvelle directrice du Wyss Center"},"content":{"rendered":"<div id=\"attachment_5088\" style=\"width: 1324px\" class=\"wp-caption alignnone\"><img loading=\"lazy\" decoding=\"async\" aria-describedby=\"caption-attachment-5088\" class=\"wp-image-5088 size-full\" src=\"https:\/\/campusbiotech.ch\/wp-content\/uploads\/2026\/09\/img_tracy_laabs_news_article.jpg\" alt=\"\" width=\"1314\" height=\"876\" srcset=\"https:\/\/campusbiotech.ch\/wp-content\/uploads\/2026\/09\/img_tracy_laabs_news_article.jpg 1314w, https:\/\/campusbiotech.ch\/wp-content\/uploads\/2026\/09\/img_tracy_laabs_news_article-300x200.jpg 300w, https:\/\/campusbiotech.ch\/wp-content\/uploads\/2026\/09\/img_tracy_laabs_news_article-1024x683.jpg 1024w, https:\/\/campusbiotech.ch\/wp-content\/uploads\/2026\/09\/img_tracy_laabs_news_article-768x512.jpg 768w, https:\/\/campusbiotech.ch\/wp-content\/uploads\/2026\/09\/img_tracy_laabs_news_article-441x294.jpg 441w, https:\/\/campusbiotech.ch\/wp-content\/uploads\/2026\/09\/img_tracy_laabs_news_article-882x588.jpg 882w, https:\/\/campusbiotech.ch\/wp-content\/uploads\/2026\/09\/img_tracy_laabs_news_article-480x320.jpg 480w, https:\/\/campusbiotech.ch\/wp-content\/uploads\/2026\/09\/img_tracy_laabs_news_article-960x640.jpg 960w, https:\/\/campusbiotech.ch\/wp-content\/uploads\/2026\/09\/img_tracy_laabs_news_article-800x533.jpg 800w, https:\/\/campusbiotech.ch\/wp-content\/uploads\/2026\/09\/img_tracy_laabs_news_article-640x427.jpg 640w, https:\/\/campusbiotech.ch\/wp-content\/uploads\/2026\/09\/img_tracy_laabs_news_article-1280x853.jpg 1280w, https:\/\/campusbiotech.ch\/wp-content\/uploads\/2026\/09\/img_tracy_laabs_news_article-708x472.jpg 708w, https:\/\/campusbiotech.ch\/wp-content\/uploads\/2026\/09\/img_tracy_laabs_news_article-744x496.jpg 744w, https:\/\/campusbiotech.ch\/wp-content\/uploads\/2026\/09\/img_tracy_laabs_news_article-1006x671.jpg 1006w, https:\/\/campusbiotech.ch\/wp-content\/uploads\/2026\/09\/img_tracy_laabs_news_article-756x504.jpg 756w, https:\/\/campusbiotech.ch\/wp-content\/uploads\/2026\/09\/img_tracy_laabs_news_article-347x231.jpg 347w, https:\/\/campusbiotech.ch\/wp-content\/uploads\/2026\/09\/img_tracy_laabs_news_article-694x463.jpg 694w, https:\/\/campusbiotech.ch\/wp-content\/uploads\/2026\/09\/img_tracy_laabs_news_article-200x133.jpg 200w\" sizes=\"auto, (max-width: 1314px) 100vw, 1314px\" \/><p id=\"caption-attachment-5088\" class=\"wp-caption-text\">\u00a9 Wyss Center<\/p><\/div>\n<h6>Depuis plus de dix ans, Tracy Laabs accompagne le d\u00e9veloppement du Wyss Center. Figure fondatrice de l&rsquo;institution, elle a contribu\u00e9 \u00e0 acc\u00e9l\u00e9rer l&rsquo;innovation et \u00e0 rapprocher les avanc\u00e9es scientifiques des besoins des patients. Nomm\u00e9e directrice du Wyss Center le 1er juillet 2026, elle ouvre aujourd&rsquo;hui un nouveau chapitre dans l&rsquo;histoire de l&rsquo;organisation. Entre les enseignements de cette premi\u00e8re d\u00e9cennie et les opportunit\u00e9s qui s&rsquo;ouvrent pour les ann\u00e9es \u00e0 venir, elle partage sa vision de la sant\u00e9 c\u00e9r\u00e9brale et du r\u00f4le que le Wyss Center entend jouer.<\/h6>\n<p><strong>1. Vous accompagnez le d\u00e9veloppement du Wyss Center depuis sa cr\u00e9ation. Avec le recul, qu&rsquo;est-ce qui vous semble avoir le plus \u00e9volu\u00e9 en dix ans dans le domaine des neurotechnologies ?<br \/>\n<\/strong>En effet, j&rsquo;ai rejoint le Wyss Center en tant que Directrice adjointe fondatrice en 2015. \u00c0 l&rsquo;\u00e9poque, la neurotechnologie relevait avant tout d&rsquo;une ambition scientifique. Des projets de recherche faisaient la une en permettant \u00e0 des personnes paralys\u00e9es de taper sur un ordinateur ou de contr\u00f4ler des bras robotis\u00e9s par la seule force de la pens\u00e9e, mais ces syst\u00e8mes n&rsquo;\u00e9taient pas encore pr\u00eats \u00e0 sortir du laboratoire. Dans le m\u00eame temps, des neurotechnologies cliniques comme la stimulation c\u00e9r\u00e9brale profonde faisaient partie des traitements mais avec des fonctionnalit\u00e9s et une adoption limit\u00e9es. Ce qui a le plus profond\u00e9ment chang\u00e9 au cours de la derni\u00e8re d\u00e9cennie, c&rsquo;est la convergence des disciplines : neurosciences, ing\u00e9nierie et application clinique se rejoignent d\u00e9sormais en temps r\u00e9el. Nous voyons l&rsquo;IA transformer la fa\u00e7on dont nous analysons les donn\u00e9es c\u00e9r\u00e9brales, concevons les th\u00e9rapies et personnalisons les traitements. Des outils qui semblaient encore \u00e0 des d\u00e9cennies de distance sont aujourd&rsquo;hui en cours de translation clinique. Le domaine a m\u00fbri : on ne se demande plus \u00ab est-ce que cela pourrait marcher ? \u00bb, mais \u00ab comment amener cela aux patients, et \u00e0 quelle vitesse ? \u00bb<\/p>\n<p><strong>2. Le Wyss Center est souvent pr\u00e9sent\u00e9 comme un pont entre la recherche et les patients. O\u00f9 se situe encore, selon vous, le maillon le plus fragile de cette cha\u00eene ?<br \/>\n<\/strong>La m\u00e9taphore du pont est juste. Je dirais que le maillon le plus faible reste la portion entre la preuve de concept et la maturit\u00e9 clinique. Les r\u00e9sultats scientifiques prometteurs abondent mais ce qui est plus difficile c&rsquo;est le processus de r\u00e9duction des risques : ce travail rigoureux de translation qui transforme un r\u00e9sultat de recherche prometteur en un outil qu&rsquo;un clinicien peut utiliser et qu&rsquo;un patient peut faire sien en toute confiance. Les voies r\u00e9glementaires, le financement des essais cliniques en phase pr\u00e9coce, ou encore l&rsquo;infrastructure n\u00e9cessaire pour accompagner les spin-offs durant leurs premi\u00e8res ann\u00e9es : ce sont autant de domaines o\u00f9 cet \u00e9cart se fait encore sentir. C&rsquo;est pr\u00e9cis\u00e9ment l\u00e0 que le Wyss Center a choisi de concentrer son \u00e9nergie, et c&rsquo;est l\u00e0 que j&rsquo;entends continuer \u00e0 faire avancer les choses.<\/p>\n<p><strong>3. Qu&rsquo;apporte un lieu comme le Campus Biotech au d\u00e9veloppement des innovations en sant\u00e9 c\u00e9r\u00e9brale ?<br \/>\n<\/strong>Le Campus Biotech est v\u00e9ritablement unique. Ce n&rsquo;est pas seulement un b\u00e2timent ou un ensemble d&rsquo;infrastructures, c&rsquo;est un \u00e9cosyst\u00e8me o\u00f9 rigueur acad\u00e9mique, proximit\u00e9 clinique et ambition entrepreneuriale coexistent sur un m\u00eame site. L&rsquo;acc\u00e8s \u00e0 des infrastructures de pointe, combin\u00e9 \u00e0 la pr\u00e9sence de partenaires comme l&rsquo;EPFL, l&rsquo;Universit\u00e9 de Gen\u00e8ve et les HUG, permet au parcours qui m\u00e8ne d&rsquo;une id\u00e9e scientifique \u00e0 une th\u00e9rapie destin\u00e9e aux patients de se d\u00e9rouler de mani\u00e8re plus connect\u00e9e et plus rapide que presque partout ailleurs. Le soutien de l&rsquo;\u00c9tat de Gen\u00e8ve ajoute une dimension suppl\u00e9mentaire : il existe ici une r\u00e9elle volont\u00e9 institutionnelle de faire advenir l&rsquo;innovation en sant\u00e9 c\u00e9r\u00e9brale. Cette combinaison est rare.<\/p>\n<p><strong>4. Au fil de votre parcours, y a-t-il eu une rencontre ou une exp\u00e9rience qui a profond\u00e9ment renforc\u00e9 votre conviction que les neurotechnologies pouvaient changer des vies ?<br \/>\n<\/strong>Il y a un moment auquel je repense souvent. Un patient qui n&rsquo;avait pas pu communiquer avec sa famille pendant des ann\u00e9es a pu le faire gr\u00e2ce \u00e0 une technologie sur laquelle notre \u00e9quipe travaillait. Je me souviens de personnes rassembl\u00e9es autour d&rsquo;un \u00e9cran, regardant cela se produire en temps r\u00e9el. Il n&rsquo;y a eu ni c\u00e9l\u00e9bration, ni bruit. Juste ce silence profond, parce que chacun dans cette pi\u00e8ce comprenait ce \u00e0 quoi il assistait. Ce moment a rendu concret tout ce qui avait pr\u00e9c\u00e9d\u00e9 et qui \u00e9tait abstrait jusque-l\u00e0 : les publications, les subventions, les nuits tardives. La science a chang\u00e9 la vie de cette personne. C&rsquo;est ma boussole aujourd&rsquo;hui.<\/p>\n<p><strong>5. En tant que femme \u00e0 la t\u00eate d\u2019une institution scientifique de premier plan, quel regard portez-vous sur la place des femmes dans les domaines de la neurotechnologie et du leadership scientifique, et quels changements souhaiteriez-vous encore voir s\u2019acc\u00e9l\u00e9rer ?<br \/>\n<\/strong>Je suis fi\u00e8re d&rsquo;\u00eatre une femme \u00e0 la t\u00eate d&rsquo;une institution scientifique majeure. Je pense qu&rsquo;il est important que le leadership refl\u00e8te la diversit\u00e9 des personnes que nous cherchons \u00e0 servir. En m\u00eame temps, j&rsquo;aimerais que le fait qu&rsquo;une femme occupe ce type de poste ne soit plus l\u2019objet de remarque.<\/p>\n<p><strong>6. En tant que directrice du Wyss Center, quelles sont les principales priorit\u00e9s ou prochaines \u00e9tapes pour les ann\u00e9es \u00e0 venir \u2014 et que doit-on attendre de vous et du centre dans le domaine des neurotechnologies ?<br \/>\n<\/strong>Trois choses comptent pour moi : que les personnes avec qui nous travaillons per\u00e7oivent la continuit\u00e9 de notre mission, que nos partenaires et parties prenantes soient confiants de la direction que nous prenons, et que chacun (le personnel, les collaborateurs et, par-dessus tout, les patients que nous servons) saisisse concr\u00e8tement les possibilit\u00e9s qui s&rsquo;ouvrent \u00e0 nous.<\/p>\n<p>Sur le Campus Biotech, nos partenariats avec l&rsquo;EPFL, l&rsquo;Universit\u00e9 de Gen\u00e8ve et les HUG forment l&rsquo;ossature de notre d\u00e9marche pour faire avancer la science vers son application clinique. \u00c0 l&rsquo;\u00e9chelle suisse, notre collaboration avec le Swiss Data Science Center ouvre de nouvelles voies dans notre fa\u00e7on de travailler avec les donn\u00e9es c\u00e9r\u00e9brales \u00e0 grande \u00e9chelle. Nous nous projetons encore plus loin, sur la sc\u00e8ne internationale, car la neurotechnologie est une entreprise mondiale et nous entendons jouer notre r\u00f4le \u00e0 ce niveau-l\u00e0.<\/p>\n<p>Ce que le domaine de la neurotechnologie peut attendre du Wyss Center\u202f? Une organisation agile, ambitieuse et concentr\u00e9e avant tout sur un objectif : amener la neurotechnologie aux patients qui en ont besoin, en s\u2019appuyant sur notre portefeuille de start-ups, l&rsquo;AI Hub et une science qui ne s&rsquo;arr\u00eate pas \u00e0 la porte du laboratoire.<\/p>\n","protected":false},"excerpt":{"rendered":"<p>Depuis plus de dix ans, Tracy Laabs accompagne le d\u00e9veloppement du Wyss Center. Figure fondatrice de l&rsquo;institution, elle a contribu\u00e9 \u00e0 acc\u00e9l\u00e9rer l&rsquo;innovation et \u00e0 rapprocher les avanc\u00e9es scientifiques des besoins des patients. Nomm\u00e9e directrice du Wyss Center le 1er juillet 2026, elle ouvre aujourd&rsquo;hui un nouveau chapitre dans l&rsquo;histoire de l&rsquo;organisation. Entre les enseignements [&hellip;]<\/p>\n","protected":false},"author":10,"featured_media":5089,"comment_status":"closed","ping_status":"closed","sticky":false,"template":"","format":"standard","meta":{"_acf_changed":false,"inline_featured_image":false,"footnotes":""},"categories":[105],"tags":[],"class_list":["post-5095","post","type-post","status-publish","format-standard","has-post-thumbnail","hentry","category-interview-fr"],"acf":[],"yoast_head":"<!-- This site is optimized with the Yoast SEO plugin v27.7 - https:\/\/yoast.com\/product\/yoast-seo-wordpress\/ -->\n<title>Tracy Laabs, nouvelle directrice du Wyss Center - Campus Biotech<\/title>\n<meta name=\"robots\" content=\"index, follow, max-snippet:-1, max-image-preview:large, max-video-preview:-1\" \/>\n<link rel=\"canonical\" href=\"https:\/\/campusbiotech.ch\/fr\/tracy-laabs-nouvelle-directrice-du-wyss-center\/\" \/>\n<meta property=\"og:locale\" content=\"fr_FR\" \/>\n<meta property=\"og:type\" content=\"article\" \/>\n<meta property=\"og:title\" content=\"Tracy Laabs, nouvelle directrice du Wyss Center - Campus Biotech\" \/>\n<meta property=\"og:description\" content=\"Depuis plus de dix ans, Tracy Laabs accompagne le d\u00e9veloppement du Wyss Center. Figure fondatrice de l&rsquo;institution, elle a contribu\u00e9 \u00e0 acc\u00e9l\u00e9rer l&rsquo;innovation et \u00e0 rapprocher les avanc\u00e9es scientifiques des besoins des patients. Nomm\u00e9e directrice du Wyss Center le 1er juillet 2026, elle ouvre aujourd&rsquo;hui un nouveau chapitre dans l&rsquo;histoire de l&rsquo;organisation. Entre les enseignements [&hellip;]\" \/>\n<meta property=\"og:url\" content=\"https:\/\/campusbiotech.ch\/fr\/tracy-laabs-nouvelle-directrice-du-wyss-center\/\" \/>\n<meta property=\"og:site_name\" content=\"Campus Biotech\" \/>\n<meta property=\"article:published_time\" content=\"2026-09-02T12:34:25+00:00\" \/>\n<meta property=\"article:modified_time\" content=\"2026-09-02T13:07:27+00:00\" \/>\n<meta property=\"og:image\" content=\"https:\/\/campusbiotech.ch\/wp-content\/uploads\/2026\/09\/img_tracy_laabs_news_article.jpg\" \/>\n\t<meta property=\"og:image:width\" content=\"1314\" \/>\n\t<meta property=\"og:image:height\" content=\"876\" \/>\n\t<meta property=\"og:image:type\" content=\"image\/jpeg\" \/>\n<meta name=\"author\" content=\"Maxime Bonard\" \/>\n<meta name=\"twitter:card\" content=\"summary_large_image\" \/>\n<meta name=\"twitter:label1\" content=\"Written by\" \/>\n\t<meta name=\"twitter:data1\" content=\"Maxime Bonard\" \/>\n\t<meta name=\"twitter:label2\" content=\"Est. reading time\" \/>\n\t<meta name=\"twitter:data2\" content=\"6 minutes\" \/>\n<script type=\"application\/ld+json\" class=\"yoast-schema-graph\">{\"@context\":\"https:\\\/\\\/schema.org\",\"@graph\":[{\"@type\":\"Article\",\"@id\":\"https:\\\/\\\/campusbiotech.ch\\\/fr\\\/tracy-laabs-nouvelle-directrice-du-wyss-center\\\/#article\",\"isPartOf\":{\"@id\":\"https:\\\/\\\/campusbiotech.ch\\\/fr\\\/tracy-laabs-nouvelle-directrice-du-wyss-center\\\/\"},\"author\":{\"name\":\"Maxime Bonard\",\"@id\":\"https:\\\/\\\/campusbiotech.ch\\\/#\\\/schema\\\/person\\\/4a0c80518dd59d2a7add25baa2906943\"},\"headline\":\"Tracy Laabs, nouvelle directrice du Wyss Center\",\"datePublished\":\"2026-09-02T12:34:25+00:00\",\"dateModified\":\"2026-09-02T13:07:27+00:00\",\"mainEntityOfPage\":{\"@id\":\"https:\\\/\\\/campusbiotech.ch\\\/fr\\\/tracy-laabs-nouvelle-directrice-du-wyss-center\\\/\"},\"wordCount\":1175,\"image\":{\"@id\":\"https:\\\/\\\/campusbiotech.ch\\\/fr\\\/tracy-laabs-nouvelle-directrice-du-wyss-center\\\/#primaryimage\"},\"thumbnailUrl\":\"https:\\\/\\\/campusbiotech.ch\\\/wp-content\\\/uploads\\\/2026\\\/09\\\/img_tracy_laabs_news_article.jpg\",\"articleSection\":[\"Interview\"],\"inLanguage\":\"fr-FR\"},{\"@type\":\"WebPage\",\"@id\":\"https:\\\/\\\/campusbiotech.ch\\\/fr\\\/tracy-laabs-nouvelle-directrice-du-wyss-center\\\/\",\"url\":\"https:\\\/\\\/campusbiotech.ch\\\/fr\\\/tracy-laabs-nouvelle-directrice-du-wyss-center\\\/\",\"name\":\"Tracy Laabs, nouvelle directrice du Wyss Center - Campus Biotech\",\"isPartOf\":{\"@id\":\"https:\\\/\\\/campusbiotech.ch\\\/#website\"},\"primaryImageOfPage\":{\"@id\":\"https:\\\/\\\/campusbiotech.ch\\\/fr\\\/tracy-laabs-nouvelle-directrice-du-wyss-center\\\/#primaryimage\"},\"image\":{\"@id\":\"https:\\\/\\\/campusbiotech.ch\\\/fr\\\/tracy-laabs-nouvelle-directrice-du-wyss-center\\\/#primaryimage\"},\"thumbnailUrl\":\"https:\\\/\\\/campusbiotech.ch\\\/wp-content\\\/uploads\\\/2026\\\/09\\\/img_tracy_laabs_news_article.jpg\",\"datePublished\":\"2026-09-02T12:34:25+00:00\",\"dateModified\":\"2026-09-02T13:07:27+00:00\",\"author\":{\"@id\":\"https:\\\/\\\/campusbiotech.ch\\\/#\\\/schema\\\/person\\\/4a0c80518dd59d2a7add25baa2906943\"},\"breadcrumb\":{\"@id\":\"https:\\\/\\\/campusbiotech.ch\\\/fr\\\/tracy-laabs-nouvelle-directrice-du-wyss-center\\\/#breadcrumb\"},\"inLanguage\":\"fr-FR\",\"potentialAction\":[{\"@type\":\"ReadAction\",\"target\":[\"https:\\\/\\\/campusbiotech.ch\\\/fr\\\/tracy-laabs-nouvelle-directrice-du-wyss-center\\\/\"]}]},{\"@type\":\"ImageObject\",\"inLanguage\":\"fr-FR\",\"@id\":\"https:\\\/\\\/campusbiotech.ch\\\/fr\\\/tracy-laabs-nouvelle-directrice-du-wyss-center\\\/#primaryimage\",\"url\":\"https:\\\/\\\/campusbiotech.ch\\\/wp-content\\\/uploads\\\/2026\\\/09\\\/img_tracy_laabs_news_article.jpg\",\"contentUrl\":\"https:\\\/\\\/campusbiotech.ch\\\/wp-content\\\/uploads\\\/2026\\\/09\\\/img_tracy_laabs_news_article.jpg\",\"width\":1314,\"height\":876},{\"@type\":\"BreadcrumbList\",\"@id\":\"https:\\\/\\\/campusbiotech.ch\\\/fr\\\/tracy-laabs-nouvelle-directrice-du-wyss-center\\\/#breadcrumb\",\"itemListElement\":[{\"@type\":\"ListItem\",\"position\":1,\"name\":\"Home\",\"item\":\"https:\\\/\\\/campusbiotech.ch\\\/fr\\\/\"},{\"@type\":\"ListItem\",\"position\":2,\"name\":\"Tracy Laabs, nouvelle directrice du Wyss Center\"}]},{\"@type\":\"WebSite\",\"@id\":\"https:\\\/\\\/campusbiotech.ch\\\/#website\",\"url\":\"https:\\\/\\\/campusbiotech.ch\\\/\",\"name\":\"Campus Biotech\",\"description\":\"Where Science meets Life\",\"potentialAction\":[{\"@type\":\"SearchAction\",\"target\":{\"@type\":\"EntryPoint\",\"urlTemplate\":\"https:\\\/\\\/campusbiotech.ch\\\/?s={search_term_string}\"},\"query-input\":{\"@type\":\"PropertyValueSpecification\",\"valueRequired\":true,\"valueName\":\"search_term_string\"}}],\"inLanguage\":\"fr-FR\"},{\"@type\":\"Person\",\"@id\":\"https:\\\/\\\/campusbiotech.ch\\\/#\\\/schema\\\/person\\\/4a0c80518dd59d2a7add25baa2906943\",\"name\":\"Maxime Bonard\",\"image\":{\"@type\":\"ImageObject\",\"inLanguage\":\"fr-FR\",\"@id\":\"https:\\\/\\\/secure.gravatar.com\\\/avatar\\\/14c88040036696db2e543a7974531823fc3fdfb47b162f97cbab6578ca199e78?s=96&d=mm&r=g\",\"url\":\"https:\\\/\\\/secure.gravatar.com\\\/avatar\\\/14c88040036696db2e543a7974531823fc3fdfb47b162f97cbab6578ca199e78?s=96&d=mm&r=g\",\"contentUrl\":\"https:\\\/\\\/secure.gravatar.com\\\/avatar\\\/14c88040036696db2e543a7974531823fc3fdfb47b162f97cbab6578ca199e78?s=96&d=mm&r=g\",\"caption\":\"Maxime Bonard\"}}]}<\/script>\n<!-- \/ Yoast SEO plugin. -->","yoast_head_json":{"title":"Tracy Laabs, nouvelle directrice du Wyss Center - Campus Biotech","robots":{"index":"index","follow":"follow","max-snippet":"max-snippet:-1","max-image-preview":"max-image-preview:large","max-video-preview":"max-video-preview:-1"},"canonical":"https:\/\/campusbiotech.ch\/fr\/tracy-laabs-nouvelle-directrice-du-wyss-center\/","og_locale":"fr_FR","og_type":"article","og_title":"Tracy Laabs, nouvelle directrice du Wyss Center - Campus Biotech","og_description":"Depuis plus de dix ans, Tracy Laabs accompagne le d\u00e9veloppement du Wyss Center. Figure fondatrice de l&rsquo;institution, elle a contribu\u00e9 \u00e0 acc\u00e9l\u00e9rer l&rsquo;innovation et \u00e0 rapprocher les avanc\u00e9es scientifiques des besoins des patients. Nomm\u00e9e directrice du Wyss Center le 1er juillet 2026, elle ouvre aujourd&rsquo;hui un nouveau chapitre dans l&rsquo;histoire de l&rsquo;organisation. Entre les enseignements [&hellip;]","og_url":"https:\/\/campusbiotech.ch\/fr\/tracy-laabs-nouvelle-directrice-du-wyss-center\/","og_site_name":"Campus Biotech","article_published_time":"2026-09-02T12:34:25+00:00","article_modified_time":"2026-09-02T13:07:27+00:00","og_image":[{"width":1314,"height":876,"url":"https:\/\/campusbiotech.ch\/wp-content\/uploads\/2026\/09\/img_tracy_laabs_news_article.jpg","type":"image\/jpeg"}],"author":"Maxime Bonard","twitter_card":"summary_large_image","twitter_misc":{"Written by":"Maxime Bonard","Est. reading time":"6 minutes"},"schema":{"@context":"https:\/\/schema.org","@graph":[{"@type":"Article","@id":"https:\/\/campusbiotech.ch\/fr\/tracy-laabs-nouvelle-directrice-du-wyss-center\/#article","isPartOf":{"@id":"https:\/\/campusbiotech.ch\/fr\/tracy-laabs-nouvelle-directrice-du-wyss-center\/"},"author":{"name":"Maxime Bonard","@id":"https:\/\/campusbiotech.ch\/#\/schema\/person\/4a0c80518dd59d2a7add25baa2906943"},"headline":"Tracy Laabs, nouvelle directrice du Wyss Center","datePublished":"2026-09-02T12:34:25+00:00","dateModified":"2026-09-02T13:07:27+00:00","mainEntityOfPage":{"@id":"https:\/\/campusbiotech.ch\/fr\/tracy-laabs-nouvelle-directrice-du-wyss-center\/"},"wordCount":1175,"image":{"@id":"https:\/\/campusbiotech.ch\/fr\/tracy-laabs-nouvelle-directrice-du-wyss-center\/#primaryimage"},"thumbnailUrl":"https:\/\/campusbiotech.ch\/wp-content\/uploads\/2026\/09\/img_tracy_laabs_news_article.jpg","articleSection":["Interview"],"inLanguage":"fr-FR"},{"@type":"WebPage","@id":"https:\/\/campusbiotech.ch\/fr\/tracy-laabs-nouvelle-directrice-du-wyss-center\/","url":"https:\/\/campusbiotech.ch\/fr\/tracy-laabs-nouvelle-directrice-du-wyss-center\/","name":"Tracy Laabs, nouvelle directrice du Wyss Center - Campus Biotech","isPartOf":{"@id":"https:\/\/campusbiotech.ch\/#website"},"primaryImageOfPage":{"@id":"https:\/\/campusbiotech.ch\/fr\/tracy-laabs-nouvelle-directrice-du-wyss-center\/#primaryimage"},"image":{"@id":"https:\/\/campusbiotech.ch\/fr\/tracy-laabs-nouvelle-directrice-du-wyss-center\/#primaryimage"},"thumbnailUrl":"https:\/\/campusbiotech.ch\/wp-content\/uploads\/2026\/09\/img_tracy_laabs_news_article.jpg","datePublished":"2026-09-02T12:34:25+00:00","dateModified":"2026-09-02T13:07:27+00:00","author":{"@id":"https:\/\/campusbiotech.ch\/#\/schema\/person\/4a0c80518dd59d2a7add25baa2906943"},"breadcrumb":{"@id":"https:\/\/campusbiotech.ch\/fr\/tracy-laabs-nouvelle-directrice-du-wyss-center\/#breadcrumb"},"inLanguage":"fr-FR","potentialAction":[{"@type":"ReadAction","target":["https:\/\/campusbiotech.ch\/fr\/tracy-laabs-nouvelle-directrice-du-wyss-center\/"]}]},{"@type":"ImageObject","inLanguage":"fr-FR","@id":"https:\/\/campusbiotech.ch\/fr\/tracy-laabs-nouvelle-directrice-du-wyss-center\/#primaryimage","url":"https:\/\/campusbiotech.ch\/wp-content\/uploads\/2026\/09\/img_tracy_laabs_news_article.jpg","contentUrl":"https:\/\/campusbiotech.ch\/wp-content\/uploads\/2026\/09\/img_tracy_laabs_news_article.jpg","width":1314,"height":876},{"@type":"BreadcrumbList","@id":"https:\/\/campusbiotech.ch\/fr\/tracy-laabs-nouvelle-directrice-du-wyss-center\/#breadcrumb","itemListElement":[{"@type":"ListItem","position":1,"name":"Home","item":"https:\/\/campusbiotech.ch\/fr\/"},{"@type":"ListItem","position":2,"name":"Tracy Laabs, nouvelle directrice du Wyss Center"}]},{"@type":"WebSite","@id":"https:\/\/campusbiotech.ch\/#website","url":"https:\/\/campusbiotech.ch\/","name":"Campus Biotech","description":"Where Science meets Life","potentialAction":[{"@type":"SearchAction","target":{"@type":"EntryPoint","urlTemplate":"https:\/\/campusbiotech.ch\/?s={search_term_string}"},"query-input":{"@type":"PropertyValueSpecification","valueRequired":true,"valueName":"search_term_string"}}],"inLanguage":"fr-FR"},{"@type":"Person","@id":"https:\/\/campusbiotech.ch\/#\/schema\/person\/4a0c80518dd59d2a7add25baa2906943","name":"Maxime Bonard","image":{"@type":"ImageObject","inLanguage":"fr-FR","@id":"https:\/\/secure.gravatar.com\/avatar\/14c88040036696db2e543a7974531823fc3fdfb47b162f97cbab6578ca199e78?s=96&d=mm&r=g","url":"https:\/\/secure.gravatar.com\/avatar\/14c88040036696db2e543a7974531823fc3fdfb47b162f97cbab6578ca199e78?s=96&d=mm&r=g","contentUrl":"https:\/\/secure.gravatar.com\/avatar\/14c88040036696db2e543a7974531823fc3fdfb47b162f97cbab6578ca199e78?s=96&d=mm&r=g","caption":"Maxime Bonard"}}]}},"_links":{"self":[{"href":"https:\/\/campusbiotech.ch\/fr\/wp-json\/wp\/v2\/posts\/5095","targetHints":{"allow":["GET"]}}],"collection":[{"href":"https:\/\/campusbiotech.ch\/fr\/wp-json\/wp\/v2\/posts"}],"about":[{"href":"https:\/\/campusbiotech.ch\/fr\/wp-json\/wp\/v2\/types\/post"}],"author":[{"embeddable":true,"href":"https:\/\/campusbiotech.ch\/fr\/wp-json\/wp\/v2\/users\/10"}],"replies":[{"embeddable":true,"href":"https:\/\/campusbiotech.ch\/fr\/wp-json\/wp\/v2\/comments?post=5095"}],"version-history":[{"count":5,"href":"https:\/\/campusbiotech.ch\/fr\/wp-json\/wp\/v2\/posts\/5095\/revisions"}],"predecessor-version":[{"id":5100,"href":"https:\/\/campusbiotech.ch\/fr\/wp-json\/wp\/v2\/posts\/5095\/revisions\/5100"}],"wp:featuredmedia":[{"embeddable":true,"href":"https:\/\/campusbiotech.ch\/fr\/wp-json\/wp\/v2\/media\/5089"}],"wp:attachment":[{"href":"https:\/\/campusbiotech.ch\/fr\/wp-json\/wp\/v2\/media?parent=5095"}],"wp:term":[{"taxonomy":"category","embeddable":true,"href":"https:\/\/campusbiotech.ch\/fr\/wp-json\/wp\/v2\/categories?post=5095"},{"taxonomy":"post_tag","embeddable":true,"href":"https:\/\/campusbiotech.ch\/fr\/wp-json\/wp\/v2\/tags?post=5095"}],"curies":[{"name":"wp","href":"https:\/\/api.w.org\/{rel}","templated":true}]}}